{"id":43869,"date":"2025-06-10T17:30:13","date_gmt":"2025-06-10T17:30:13","guid":{"rendered":"https:\/\/www.amplopundangan.com\/u\/?p=43869"},"modified":"2025-12-22T11:45:54","modified_gmt":"2025-12-22T11:45:54","slug":"photonique-la-lumiere-au-service-du-froid-moderne","status":"publish","type":"post","link":"https:\/\/www.amplopundangan.com\/u\/photonique-la-lumiere-au-service-du-froid-moderne\/","title":{"rendered":"Photonique : la lumi\u00e8re au service du froid moderne"},"content":{"rendered":"<p><strong>La photonique, bien plus qu\u2019une science des lasers, est aujourd\u2019hui au c\u0153ur d\u2019une alliance inattendue mais essentielle : celle entre lumi\u00e8re et froid. Cette synergie permet de produire et ma\u00eetriser des temp\u00e9ratures basses avec une efficacit\u00e9 croissante, notamment dans des contextes o\u00f9 l\u2019\u00e9nergie est pr\u00e9cieuse \u2014 comme en France, dans la transition \u00e9cologique et l\u2019optimisation des usages locaux.<\/strong><\/p>\n<h2>Les fondements : lumi\u00e8re, spectre visible et gestion thermique<\/h2>\n<p>Le spectre visible, compris entre 380 nm et 750 nm, joue un r\u00f4le cl\u00e9 dans la gestion thermique. Bien que la lumi\u00e8re visible soit principalement per\u00e7ue comme une source d\u2019\u00e9clairage, elle porte aussi de l\u2019\u00e9nergie capables d\u2019influencer localement l\u2019\u00e9quilibre thermique. En effet, contrairement aux rayonnements infrarouges, elle traverse certains isolants \u2014 comme la glace \u2014 sans provoquer un \u00e9chauffement global imm\u00e9diat. Cette propri\u00e9t\u00e9 est fondamentale dans des applications comme la p\u00eache sous glace, o\u00f9 la lumi\u00e8re guide sans perturber la stabilit\u00e9 thermique de l\u2019eau.<\/p>\n<table style=\"border-collapse: collapse; width: 100%; font-family: Arial, sans-serif; padding: 10px;\">\n<tr>\n<th style=\"text-align: left;\">Principes cl\u00e9s du transfert thermique par lumi\u00e8re<\/th>\n<td style=\"text-align: left;\">380\u2013750 nm : spectre visible avec capacit\u00e9 de p\u00e9n\u00e9tration limit\u00e9e<\/td>\n<td style=\"text-align: left;\">R\u00e9gule localement l\u2019\u00e9nergie sans perturber l\u2019\u00e9quilibre global<\/td>\n<\/tr>\n<tr>\n<td style=\"text-align: left;\">Influence sur l\u2019entropie locale<\/td>\n<td style=\"text-align: left;\">Photonique modifie la distribution d\u2019\u00e9nergie \u00e0 l\u2019\u00e9chelle microscopique<\/td>\n<td style=\"text-align: left;\">Permet un contr\u00f4le pr\u00e9cis de l\u2019ordre thermique<\/td>\n<\/tr>\n<tr>\n<td style=\"text-align: left;\">Groupe (G,*) en math\u00e9matiques<\/td>\n<td style=\"text-align: left;\">Mod\u00e9lise sym\u00e9trie et r\u00e9gularit\u00e9, analogie avec les syst\u00e8mes physiques contr\u00f4l\u00e9s<\/td>\n<td style=\"text-align: left;\">Aide \u00e0 comprendre la stabilit\u00e9 des \u00e9tats thermiques influenc\u00e9s par la lumi\u00e8re<\/td>\n<\/tr>\n<\/table>\n<h2>La lumi\u00e8re dans la nature : la p\u00eache sous glace, une m\u00e9taphore vivante<\/h2>\n<p>En France, la p\u00eache sur glace illustre parfaitement cette alliance lumi\u00e8re-froid. Pratiqu\u00e9e notamment dans les Alpes, en Bretagne ou dans les r\u00e9gions nordiques, cette activit\u00e9 repose sur une glace naturelle qui agit comme un isolant thermique. Elle laisse passer la lumi\u00e8re visible \u2014 qui p\u00e9n\u00e8tre jusqu\u2019\u00e0 quelques dizaines de cm \u2014 sans provoquer une \u00e9l\u00e9vation significative de la temp\u00e9rature de l\u2019eau sous la glace. Cette p\u00e9n\u00e9tration contr\u00f4l\u00e9e r\u00e9chauffe localement l\u2019environnement aquatique, tout en pr\u00e9servant l\u2019\u00e9quilibre thermique global.<\/p>\n<p>Cette capacit\u00e9 de la glace \u00e0 transmettre une lumi\u00e8re sp\u00e9cifique, tout en bloquant une grande partie des infrarouges, est un exemple naturel d\u2019optimisation \u00e9nerg\u00e9tique. Elle permet une gestion passive du froid, sans recours \u00e0 des syst\u00e8mes m\u00e9caniques \u2014 une approche \u00e9troitement li\u00e9e aux principes modernes de la photonique appliqu\u00e9e au contr\u00f4le thermique.<\/p>\n<h2>Applications modernes : de la photonique au froid intelligent<\/h2>\n<p>En France, l\u2019int\u00e9gration de la photonique dans la gestion du froid se manifeste dans plusieurs domaines innovants. Les syst\u00e8mes de r\u00e9frig\u00e9ration compacte utilisent d\u00e9sormais des capteurs photoniques capables de d\u00e9tecter et g\u00e9rer avec pr\u00e9cision les pertes thermiques, am\u00e9liorant ainsi l\u2019efficacit\u00e9 \u00e9nerg\u00e9tique des appareils domestiques.<\/p>\n<ul style=\"text-align: left; margin-left: 20px;\">\n<li><strong>Capteurs photoniques pour isolation active<\/strong> : int\u00e9gr\u00e9s dans les glaci\u00e8res ou \u00e9quipements sportifs, ils optimisent la conservation en limitant les \u00e9changes thermiques.<\/li>\n<li><strong>Mat\u00e9riaux intelligents inspir\u00e9s du froid naturel<\/strong> : utilis\u00e9s dans les v\u00eatements techniques pour le sport d\u2019hiver, ils r\u00e9gulent la chaleur par modulation de la lumi\u00e8re et de l\u2019infrarouge.<\/li>\n<li><strong>Outils de mesure optique<\/strong> : dans les zones de p\u00eache sous glace, capteurs optiques mesurent la qualit\u00e9 de l\u2019eau et la temp\u00e9rature en temps r\u00e9el, combinant tradition et technologie avanc\u00e9e.<\/li>\n<\/ul>\n<h2>Une lumi\u00e8re ma\u00eetris\u00e9e, une culture fran\u00e7aise en \u00e9volution<\/h2>\n<p>La lumi\u00e8re occupe une place symbolique profonde dans la culture fran\u00e7aise : clart\u00e9, r\u00e9v\u00e9lation, mais aussi ma\u00eetrise m\u00e9taphorique du froid \u2014 une froideur r\u00e9fl\u00e9chie, non brutale. Cette image s\u2019harmonise parfaitement avec la <a href=\"https:\/\/ice-fishin.fr\/\">photonique<\/a> moderne, qui transforme la lumi\u00e8re en vecteur actif de gestion thermique. Loin d\u2019\u00eatre une simple \u00e9nergie, elle devient un outil de pr\u00e9cision, r\u00e9pondant aux d\u00e9fis \u00e9nerg\u00e9tiques et climatiques actuels.<\/p>\n<p>En France, la p\u00eache sous glace incarne cette fusion entre tradition ancestrale et innovation technologique. Elle montre comment un ph\u00e9nom\u00e8ne naturel, compris scientifiquement, peut guider une pratique humaine durable \u2014 sans perturber l\u2019\u00e9quilibre fragile du milieu. Ce lien entre savoir-faire local et recherche avanc\u00e9e refl\u00e8te une vision prospective o\u00f9 chaque lumi\u00e8re contribue \u00e0 un froid intelligent, responsable et \u00e9conome.<\/p>\n<blockquote><p>&#8220;La photonique n\u2019est pas seulement lumi\u00e8re, c\u2019est la capacit\u00e9 de transformer ce flux en contr\u00f4le thermique intelligent \u2014 un froid ma\u00eetris\u00e9 au service de la soci\u00e9t\u00e9.&#8221;<\/p><\/blockquote>\n<h2>Vers une photonicit\u00e9 durable : un avenir froid mais juste<\/h2>\n<p>La France investit dans des technologies froides efficaces, int\u00e9grant la photonique dans des projets de r\u00e9duction des \u00e9missions et d\u2019efficacit\u00e9 \u00e9nerg\u00e9tique. Ces innovations r\u00e9duisent la consommation sans compromettre les usages, comme la p\u00eache sous glace, o\u00f9 chaque gain thermique compte. En combinant recherche fondamentale, symbolisme culturel et application pratique, la lumi\u00e8re devient un acteur cl\u00e9 d\u2019une soci\u00e9t\u00e9 plus sobre et plus r\u00e9siliente.<\/p>\n<table style=\"border-collapse: collapse; width: 100%; font-family: Arial, sans-serif; padding: 10px;\">\n<tr>\n<th style=\"text-align: left;\">Domaines d\u2019innovation photonique li\u00e9s au froid<\/th>\n<td>Capteurs optiques pour r\u00e9frig\u00e9ration<\/td>\n<td>Mat\u00e9riaux intelligents pour isolation thermique<\/td>\n<td>Outils de mesure optique en milieu glacial<\/td>\n<\/tr>\n<tr>\n<td style=\"text-align: left;\">R\u00e9duction des pertes thermiques<\/td>\n<td style=\"text-align: left;\">Gestion active de la lumi\u00e8re dans les \u00e9quipements<\/td>\n<td style=\"text-align: left;\">Surveillance en temps r\u00e9el de la qualit\u00e9 de l\u2019eau<\/td>\n<\/tr>\n<\/table>\n<p>Avec des projets comme Lil&#8217; Blues = petits paris, qui illustrent la pr\u00e9cision et la beaut\u00e9 du jeu entre lumi\u00e8re et mati\u00e8re, la photonique continue de se r\u00e9v\u00e9ler comme une science accessible, utile et profond\u00e9ment ancr\u00e9e dans le quotidien fran\u00e7ais \u2014 un froid pens\u00e9, non impos\u00e9.<\/p>\n","protected":false},"excerpt":{"rendered":"<p>La photonique, bien plus qu\u2019une science des lasers, est aujourd\u2019hui au c\u0153ur d\u2019une alliance inattendue mais essentielle : celle entre lumi\u00e8re et froid. Cette synergie permet de produire et ma\u00eetriser des temp\u00e9ratures basses avec une efficacit\u00e9 croissante, notamment dans des contextes o\u00f9 l\u2019\u00e9nergie est pr\u00e9cieuse \u2014 comme en France, dans la transition \u00e9cologique et l\u2019optimisation [&hellip;]<\/p>\n","protected":false},"author":3,"featured_media":0,"comment_status":"open","ping_status":"","sticky":false,"template":"","format":"standard","meta":{"footnotes":""},"categories":[1],"tags":[],"class_list":["post-43869","post","type-post","status-publish","format-standard","hentry","category-uncategorized"],"yoast_head":"<!-- This site is optimized with the Yoast SEO plugin v19.12 - https:\/\/yoast.com\/wordpress\/plugins\/seo\/ -->\n<title>Photonique : la lumi\u00e8re au service du froid moderne - Invitation Digital<\/title>\n<meta name=\"robots\" content=\"index, follow, max-snippet:-1, max-image-preview:large, max-video-preview:-1\" \/>\n<link rel=\"canonical\" href=\"https:\/\/www.amplopundangan.com\/u\/photonique-la-lumiere-au-service-du-froid-moderne\/\" \/>\n<meta property=\"og:locale\" content=\"en_US\" \/>\n<meta property=\"og:type\" content=\"article\" \/>\n<meta property=\"og:title\" content=\"Photonique : la lumi\u00e8re au service du froid moderne - Invitation Digital\" \/>\n<meta property=\"og:description\" content=\"La photonique, bien plus qu\u2019une science des lasers, est aujourd\u2019hui au c\u0153ur d\u2019une alliance inattendue mais essentielle : celle entre lumi\u00e8re et froid. Cette synergie permet de produire et ma\u00eetriser des temp\u00e9ratures basses avec une efficacit\u00e9 croissante, notamment dans des contextes o\u00f9 l\u2019\u00e9nergie est pr\u00e9cieuse \u2014 comme en France, dans la transition \u00e9cologique et l\u2019optimisation [&hellip;]\" \/>\n<meta property=\"og:url\" content=\"https:\/\/www.amplopundangan.com\/u\/photonique-la-lumiere-au-service-du-froid-moderne\/\" \/>\n<meta property=\"og:site_name\" content=\"Invitation Digital\" \/>\n<meta property=\"article:published_time\" content=\"2025-06-10T17:30:13+00:00\" \/>\n<meta property=\"article:modified_time\" content=\"2025-12-22T11:45:54+00:00\" \/>\n<meta name=\"author\" content=\"aldi\" \/>\n<meta name=\"twitter:card\" content=\"summary_large_image\" \/>\n<meta name=\"twitter:label1\" content=\"Written by\" \/>\n\t<meta name=\"twitter:data1\" content=\"aldi\" \/>\n\t<meta name=\"twitter:label2\" content=\"Est. reading time\" \/>\n\t<meta name=\"twitter:data2\" content=\"5 minutes\" \/>\n<script type=\"application\/ld+json\" class=\"yoast-schema-graph\">{\"@context\":\"https:\/\/schema.org\",\"@graph\":[{\"@type\":\"WebPage\",\"@id\":\"https:\/\/www.amplopundangan.com\/u\/photonique-la-lumiere-au-service-du-froid-moderne\/\",\"url\":\"https:\/\/www.amplopundangan.com\/u\/photonique-la-lumiere-au-service-du-froid-moderne\/\",\"name\":\"Photonique : la lumi\u00e8re au service du froid moderne - Invitation Digital\",\"isPartOf\":{\"@id\":\"https:\/\/www.amplopundangan.com\/u\/#website\"},\"datePublished\":\"2025-06-10T17:30:13+00:00\",\"dateModified\":\"2025-12-22T11:45:54+00:00\",\"author\":{\"@id\":\"https:\/\/www.amplopundangan.com\/u\/#\/schema\/person\/62ced5912678d91db62402cb58c3e843\"},\"breadcrumb\":{\"@id\":\"https:\/\/www.amplopundangan.com\/u\/photonique-la-lumiere-au-service-du-froid-moderne\/#breadcrumb\"},\"inLanguage\":\"en-US\",\"potentialAction\":[{\"@type\":\"ReadAction\",\"target\":[\"https:\/\/www.amplopundangan.com\/u\/photonique-la-lumiere-au-service-du-froid-moderne\/\"]}]},{\"@type\":\"BreadcrumbList\",\"@id\":\"https:\/\/www.amplopundangan.com\/u\/photonique-la-lumiere-au-service-du-froid-moderne\/#breadcrumb\",\"itemListElement\":[{\"@type\":\"ListItem\",\"position\":1,\"name\":\"Home\",\"item\":\"https:\/\/www.amplopundangan.com\/u\/\"},{\"@type\":\"ListItem\",\"position\":2,\"name\":\"Photonique : la lumi\u00e8re au service du froid moderne\"}]},{\"@type\":\"WebSite\",\"@id\":\"https:\/\/www.amplopundangan.com\/u\/#website\",\"url\":\"https:\/\/www.amplopundangan.com\/u\/\",\"name\":\"Invitation Digital\",\"description\":\"Invitation Digital\",\"potentialAction\":[{\"@type\":\"SearchAction\",\"target\":{\"@type\":\"EntryPoint\",\"urlTemplate\":\"https:\/\/www.amplopundangan.com\/u\/?s={search_term_string}\"},\"query-input\":\"required name=search_term_string\"}],\"inLanguage\":\"en-US\"},{\"@type\":\"Person\",\"@id\":\"https:\/\/www.amplopundangan.com\/u\/#\/schema\/person\/62ced5912678d91db62402cb58c3e843\",\"name\":\"aldi\",\"image\":{\"@type\":\"ImageObject\",\"inLanguage\":\"en-US\",\"@id\":\"https:\/\/www.amplopundangan.com\/u\/#\/schema\/person\/image\/\",\"url\":\"https:\/\/secure.gravatar.com\/avatar\/adea23138546ee74c57fb59cfd7ac1a4?s=96&d=mm&r=g\",\"contentUrl\":\"https:\/\/secure.gravatar.com\/avatar\/adea23138546ee74c57fb59cfd7ac1a4?s=96&d=mm&r=g\",\"caption\":\"aldi\"},\"url\":\"https:\/\/www.amplopundangan.com\/u\/author\/aldi\/\"}]}<\/script>\n<!-- \/ Yoast SEO plugin. -->","yoast_head_json":{"title":"Photonique : la lumi\u00e8re au service du froid moderne - Invitation Digital","robots":{"index":"index","follow":"follow","max-snippet":"max-snippet:-1","max-image-preview":"max-image-preview:large","max-video-preview":"max-video-preview:-1"},"canonical":"https:\/\/www.amplopundangan.com\/u\/photonique-la-lumiere-au-service-du-froid-moderne\/","og_locale":"en_US","og_type":"article","og_title":"Photonique : la lumi\u00e8re au service du froid moderne - Invitation Digital","og_description":"La photonique, bien plus qu\u2019une science des lasers, est aujourd\u2019hui au c\u0153ur d\u2019une alliance inattendue mais essentielle : celle entre lumi\u00e8re et froid. Cette synergie permet de produire et ma\u00eetriser des temp\u00e9ratures basses avec une efficacit\u00e9 croissante, notamment dans des contextes o\u00f9 l\u2019\u00e9nergie est pr\u00e9cieuse \u2014 comme en France, dans la transition \u00e9cologique et l\u2019optimisation [&hellip;]","og_url":"https:\/\/www.amplopundangan.com\/u\/photonique-la-lumiere-au-service-du-froid-moderne\/","og_site_name":"Invitation Digital","article_published_time":"2025-06-10T17:30:13+00:00","article_modified_time":"2025-12-22T11:45:54+00:00","author":"aldi","twitter_card":"summary_large_image","twitter_misc":{"Written by":"aldi","Est. reading time":"5 minutes"},"schema":{"@context":"https:\/\/schema.org","@graph":[{"@type":"WebPage","@id":"https:\/\/www.amplopundangan.com\/u\/photonique-la-lumiere-au-service-du-froid-moderne\/","url":"https:\/\/www.amplopundangan.com\/u\/photonique-la-lumiere-au-service-du-froid-moderne\/","name":"Photonique : la lumi\u00e8re au service du froid moderne - Invitation Digital","isPartOf":{"@id":"https:\/\/www.amplopundangan.com\/u\/#website"},"datePublished":"2025-06-10T17:30:13+00:00","dateModified":"2025-12-22T11:45:54+00:00","author":{"@id":"https:\/\/www.amplopundangan.com\/u\/#\/schema\/person\/62ced5912678d91db62402cb58c3e843"},"breadcrumb":{"@id":"https:\/\/www.amplopundangan.com\/u\/photonique-la-lumiere-au-service-du-froid-moderne\/#breadcrumb"},"inLanguage":"en-US","potentialAction":[{"@type":"ReadAction","target":["https:\/\/www.amplopundangan.com\/u\/photonique-la-lumiere-au-service-du-froid-moderne\/"]}]},{"@type":"BreadcrumbList","@id":"https:\/\/www.amplopundangan.com\/u\/photonique-la-lumiere-au-service-du-froid-moderne\/#breadcrumb","itemListElement":[{"@type":"ListItem","position":1,"name":"Home","item":"https:\/\/www.amplopundangan.com\/u\/"},{"@type":"ListItem","position":2,"name":"Photonique : la lumi\u00e8re au service du froid moderne"}]},{"@type":"WebSite","@id":"https:\/\/www.amplopundangan.com\/u\/#website","url":"https:\/\/www.amplopundangan.com\/u\/","name":"Invitation Digital","description":"Invitation Digital","potentialAction":[{"@type":"SearchAction","target":{"@type":"EntryPoint","urlTemplate":"https:\/\/www.amplopundangan.com\/u\/?s={search_term_string}"},"query-input":"required name=search_term_string"}],"inLanguage":"en-US"},{"@type":"Person","@id":"https:\/\/www.amplopundangan.com\/u\/#\/schema\/person\/62ced5912678d91db62402cb58c3e843","name":"aldi","image":{"@type":"ImageObject","inLanguage":"en-US","@id":"https:\/\/www.amplopundangan.com\/u\/#\/schema\/person\/image\/","url":"https:\/\/secure.gravatar.com\/avatar\/adea23138546ee74c57fb59cfd7ac1a4?s=96&d=mm&r=g","contentUrl":"https:\/\/secure.gravatar.com\/avatar\/adea23138546ee74c57fb59cfd7ac1a4?s=96&d=mm&r=g","caption":"aldi"},"url":"https:\/\/www.amplopundangan.com\/u\/author\/aldi\/"}]}},"_links":{"self":[{"href":"https:\/\/www.amplopundangan.com\/u\/wp-json\/wp\/v2\/posts\/43869","targetHints":{"allow":["GET"]}}],"collection":[{"href":"https:\/\/www.amplopundangan.com\/u\/wp-json\/wp\/v2\/posts"}],"about":[{"href":"https:\/\/www.amplopundangan.com\/u\/wp-json\/wp\/v2\/types\/post"}],"author":[{"embeddable":true,"href":"https:\/\/www.amplopundangan.com\/u\/wp-json\/wp\/v2\/users\/3"}],"replies":[{"embeddable":true,"href":"https:\/\/www.amplopundangan.com\/u\/wp-json\/wp\/v2\/comments?post=43869"}],"version-history":[{"count":1,"href":"https:\/\/www.amplopundangan.com\/u\/wp-json\/wp\/v2\/posts\/43869\/revisions"}],"predecessor-version":[{"id":43870,"href":"https:\/\/www.amplopundangan.com\/u\/wp-json\/wp\/v2\/posts\/43869\/revisions\/43870"}],"wp:attachment":[{"href":"https:\/\/www.amplopundangan.com\/u\/wp-json\/wp\/v2\/media?parent=43869"}],"wp:term":[{"taxonomy":"category","embeddable":true,"href":"https:\/\/www.amplopundangan.com\/u\/wp-json\/wp\/v2\/categories?post=43869"},{"taxonomy":"post_tag","embeddable":true,"href":"https:\/\/www.amplopundangan.com\/u\/wp-json\/wp\/v2\/tags?post=43869"}],"curies":[{"name":"wp","href":"https:\/\/api.w.org\/{rel}","templated":true}]}}